{"id":5418,"date":"2023-01-19T09:27:45","date_gmt":"2023-01-19T09:27:45","guid":{"rendered":"https:\/\/boltac2.interdijital.com\/?p=5418"},"modified":"2023-01-19T09:29:39","modified_gmt":"2023-01-19T09:29:39","slug":"tarsus-hakkinda","status":"publish","type":"post","link":"https:\/\/boltac.com.tr\/en\/tr\/tarsus-hakkinda\/","title":{"rendered":"Tarsus Hakk\u0131nda"},"content":{"rendered":"<p>Tarsus M\u00d6 5000 y\u0131l\u0131na dayanan tarihinde g\u00f6rkemli d\u00f6nemler ya\u015fayan, \u00e7e\u015fitli uygarl\u0131klara kent merkezli\u011fi yapan, do\u011fulu kervanlar\u0131n u\u011frak yeri ve ticaret merkezi olmu\u015f &nbsp;ve bu ticari \u00f6zelli\u011fini g\u00fcn\u00fcm\u00fczde de korumaya \u00e7al\u0131\u015fan \u00f6nemli bir kentimizdir. Bereketli topraklara sahip olan \u00c7ukurova\u2019da her t\u00fcrl\u00fc ziraat\u0131n yap\u0131lmas\u0131 ve sanayinin ham maddesi olan \u00fcr\u00fcnlerin bollu\u011fu, bu b\u00f6lgede sanayinin de geli\u015fmesinde \u00f6nemli rol oynam\u0131\u015ft\u0131r.<\/p><p>Tarihte Kilikya b\u00f6lgesi i\u00e7inde yer olan Tarsus&nbsp; Roma d\u00f6neminde ekonomik ve ticari alanda \u00fcst\u00fcnl\u00fc\u011f\u00fcn\u00fc s\u00fcrd\u00fcrm\u00fc\u015ft\u00fcr. Tar\u0131mla birlikte zeytin ve ba\u011fc\u0131l\u0131k \u00f6nem kazanm\u0131\u015ft\u0131r. Antik D\u00f6nem ekonomisinin \u00f6nemli unsurlar\u0131 aras\u0131nda olan zeytinya\u011f\u0131 ve \u015farap amphoralarda en \u00e7ok ta\u015f\u0131nan \u00fcr\u00fcnlerdendir. B\u00f6lgemizde ki kaz\u0131larda bulunan Helenistik d\u00f6nem sikkeleri \u00fczerinde \u00fcz\u00fcm salk\u0131m\u0131, zeytin yapraklar\u0131ndan olu\u015fan \u00e7elenk gibi tasvirler bulunmakla beraber Tarsus civar\u0131nda ki \u00f6ren yerlerinde s\u0131kl\u0131kla rastlayabilece\u011finiz d\u00f6neminin zeytinya\u011f\u0131 i\u015flikleri ise zeytinya\u011f\u0131 \u00fcretiminin, her ne kadar \u00fclkemiz zeytincili\u011fin yayg\u0131n olarak Ege b\u00f6lgesinde yap\u0131ld\u0131\u011f\u0131 d\u00fc\u015f\u00fcn\u00fclse de, san\u0131lan\u0131n aksine b\u00f6lgemizde Antik \u00e7a\u011fdan bu yana yap\u0131ld\u0131\u011f\u0131n\u0131n en b\u00fcy\u00fck kan\u0131t\u0131d\u0131r.<\/p><p>T\u00fcrkiye genelinde Mersin ili zeytincili\u011fi, \u00f6zellikle son y\u0131llarda \u00fclkemiz zeytincili\u011fine oranla daha h\u0131zl\u0131 bir geli\u015fim g\u00f6stermektedir. Ba\u015fta Sar\u0131 Ulak olmak \u00fczere Topak,&nbsp; Ya\u011f Ulak&#8217;\u0131, Deveci, Gemlik, Ayval\u0131k, Mazda, Organik Gemlik, Edremit, E\u015fek (Kalamata) zeytin a\u011fa\u00e7lar\u0131ndan olu\u015fan toplamda 60 bin d\u00f6n\u00fcm civar\u0131ndad\u0131r.<\/p><p>\u200b<\/p><p>Orijini Tarsus il\u00e7esine ait olan ve bizim i\u00e7in yeri ayr\u0131 olan Sar\u0131 Ulak zeytini &nbsp;orta b\u00fcy\u00fckl\u00fckte, uzun silindirik olup, meyve \u00e7ekirde\u011fi ise iri olan bir \u00e7e\u015fidimizdir. Ye\u015fil sofral\u0131k olarak piyasada talep g\u00f6rmesine&nbsp; ve ya\u011f oran\u0131 y\u00fcksek olmamas\u0131na ra\u011fmen kalitesi bak\u0131m\u0131ndan \u00f6zellikle erken hasatta meyvemsili\u011fi ve bar\u0131nd\u0131rd\u0131\u011f\u0131 y\u00fcksek polifenoller sayesinde pazarda yo\u011fun talep g\u00f6rmektedir.&nbsp; Verimli bir \u00e7e\u015fit olmas\u0131 sebebiyle Alata Bah\u00e7e K\u00fclt\u00fcrleri Ara\u015ft\u0131rma Enstit\u00fcs\u00fcnde y\u00fcksek verimli ve y\u00fcksek meyve kaliteli klonlar\u0131 ile genetik kaynak olarak muhafaza alt\u0131na al\u0131nm\u0131\u015ft\u0131r.<\/p>","protected":false},"excerpt":{"rendered":"<p>Tarsus M\u00d6 5000 y\u0131l\u0131na dayanan tarihinde g\u00f6rkemli d\u00f6nemler ya\u015fayan, \u00e7e\u015fitli uygarl\u0131klara kent merkezli\u011fi yapan, do\u011fulu kervanlar\u0131n u\u011frak yeri ve ticaret merkezi olmu\u015f &nbsp;ve bu ticari \u00f6zelli\u011fini g\u00fcn\u00fcm\u00fczde de korumaya \u00e7al\u0131\u015fan \u00f6nemli bir kentimizdir. Bereketli topraklara sahip olan \u00c7ukurova\u2019da her t\u00fcrl\u00fc ziraat\u0131n yap\u0131lmas\u0131 ve sanayinin ham maddesi olan \u00fcr\u00fcnlerin bollu\u011fu, bu b\u00f6lgede sanayinin de geli\u015fmesinde \u00f6nemli &hellip; <a href=\"https:\/\/boltac.com.tr\/en\/tr\/tarsus-hakkinda\/\" class=\"more-link\">Continue reading <span class=\"screen-reader-text\">Tarsus Hakk\u0131nda<\/span><\/a><\/p>\n","protected":false},"author":1,"featured_media":5421,"comment_status":"open","ping_status":"open","sticky":false,"template":"","format":"standard","meta":{"_joinchat":[],"footnotes":""},"categories":[93],"tags":[],"class_list":["post-5418","post","type-post","status-publish","format-standard","has-post-thumbnail","hentry","category-faydali-bilgiler"],"_links":{"self":[{"href":"https:\/\/boltac.com.tr\/en\/wp-json\/wp\/v2\/posts\/5418","targetHints":{"allow":["GET"]}}],"collection":[{"href":"https:\/\/boltac.com.tr\/en\/wp-json\/wp\/v2\/posts"}],"about":[{"href":"https:\/\/boltac.com.tr\/en\/wp-json\/wp\/v2\/types\/post"}],"author":[{"embeddable":true,"href":"https:\/\/boltac.com.tr\/en\/wp-json\/wp\/v2\/users\/1"}],"replies":[{"embeddable":true,"href":"https:\/\/boltac.com.tr\/en\/wp-json\/wp\/v2\/comments?post=5418"}],"version-history":[{"count":0,"href":"https:\/\/boltac.com.tr\/en\/wp-json\/wp\/v2\/posts\/5418\/revisions"}],"wp:featuredmedia":[{"embeddable":true,"href":"https:\/\/boltac.com.tr\/en\/wp-json\/wp\/v2\/media\/5421"}],"wp:attachment":[{"href":"https:\/\/boltac.com.tr\/en\/wp-json\/wp\/v2\/media?parent=5418"}],"wp:term":[{"taxonomy":"category","embeddable":true,"href":"https:\/\/boltac.com.tr\/en\/wp-json\/wp\/v2\/categories?post=5418"},{"taxonomy":"post_tag","embeddable":true,"href":"https:\/\/boltac.com.tr\/en\/wp-json\/wp\/v2\/tags?post=5418"}],"curies":[{"name":"wp","href":"https:\/\/api.w.org\/{rel}","templated":true}]}}